{"id":521,"date":"2013-01-01T12:44:12","date_gmt":"2013-01-01T11:44:12","guid":{"rendered":"http:\/\/www.desjnuffelere.nl\/?p=521"},"modified":"2013-01-24T12:49:01","modified_gmt":"2013-01-24T11:49:01","slug":"films-van-2012","status":"publish","type":"post","link":"https:\/\/www.desjnuffelere.nl\/?p=521","title":{"rendered":"Films van 2012"},"content":{"rendered":"<p>Korte film van de zitting gemaakt door Willy van Baal<\/p>\n<div class=\"lyte-wrapper\" title=\"Jubileum Zitting CV de Sjnuffel&egrave;re 2012 Preens Robert 2e\" style=\"width:640px;max-width:100%;margin:5px;\"><div class=\"lyMe hidef\" id=\"WYL_kM_1-Edi7oM\" itemprop=\"video\" itemscope itemtype=\"https:\/\/schema.org\/VideoObject\"><div><meta itemprop=\"thumbnailUrl\" content=\"https:\/\/i.ytimg.com\/vi\/kM_1-Edi7oM\/maxresdefault.jpg\" \/><meta itemprop=\"embedURL\" content=\"https:\/\/www.youtube.com\/embed\/kM_1-Edi7oM\" \/><meta itemprop=\"duration\" content=\"PT31M4S\" \/><meta itemprop=\"uploadDate\" content=\"2012-01-23T22:31:03.000Z\" \/><\/div><div id=\"lyte_kM_1-Edi7oM\" data-src=\"https:\/\/i.ytimg.com\/vi\/kM_1-Edi7oM\/maxresdefault.jpg\" class=\"pL\"><div class=\"tC\"><div class=\"tT\" itemprop=\"name\">Jubileum Zitting CV de Sjnuffel\u00e8re 2012 Preens Robert 2e<\/div><\/div><div class=\"play\"><\/div><div class=\"ctrl\"><div class=\"Lctrl\"><\/div><div class=\"Rctrl\"><\/div><\/div><\/div><noscript><a href=\"https:\/\/youtu.be\/kM_1-Edi7oM\" rel=\"nofollow\"><img fetchpriority=\"high\" decoding=\"async\" src=\"https:\/\/i.ytimg.com\/vi\/kM_1-Edi7oM\/0.jpg\" alt=\"Jubileum Zitting CV de Sjnuffel&egrave;re 2012 Preens Robert 2e\" width=\"640\" height=\"340\" \/><br \/>Bekijk deze video op YouTube<\/a><\/noscript><meta itemprop=\"description\" content=\"Jubileum Zitting ter gelegenheid van 55j CV de Sjuffel\u00e8re oet Ri\u00e9kelt (Rijckholt) Aftreden van prins R\u00e9my 1e en het uitroepen Jubileumprins Robert de 2e op 21-01-2012. Met o.a. optredens van High Society, Het zwarte Gat, Saskia Theunisz, Mister Boullart, Erwin. Opname &amp; montage: Willy van Baal\"><\/div><\/div><div class=\"lL\" style=\"max-width:100%;width:640px;margin:5px;\"><\/div><\/p>\n<p>&nbsp;<\/p>\n<p>Korte film van de receptie en onthulling &#8220;De Sjnuffel\u00e8r&#8221; gemaakt door Willy van Baal<\/p>\n<div class=\"lyte-wrapper\" title=\"Jubileum CV de Sjnuffel&egrave;re 2012 5x11j\" style=\"width:640px;max-width:100%;margin:5px;\"><div class=\"lyMe hidef\" id=\"WYL_p2Eq3qHiLYo\" itemprop=\"video\" itemscope itemtype=\"https:\/\/schema.org\/VideoObject\"><div><meta itemprop=\"thumbnailUrl\" content=\"https:\/\/i.ytimg.com\/vi\/p2Eq3qHiLYo\/maxresdefault.jpg\" \/><meta itemprop=\"embedURL\" content=\"https:\/\/www.youtube.com\/embed\/p2Eq3qHiLYo\" \/><meta itemprop=\"duration\" content=\"PT12M21S\" \/><meta itemprop=\"uploadDate\" content=\"2012-01-24T22:17:47.000Z\" \/><\/div><div id=\"lyte_p2Eq3qHiLYo\" data-src=\"https:\/\/i.ytimg.com\/vi\/p2Eq3qHiLYo\/maxresdefault.jpg\" class=\"pL\"><div class=\"tC\"><div class=\"tT\" itemprop=\"name\">Jubileum CV de Sjnuffel\u00e8re 2012 5x11j<\/div><\/div><div class=\"play\"><\/div><div class=\"ctrl\"><div class=\"Lctrl\"><\/div><div class=\"Rctrl\"><\/div><\/div><\/div><noscript><a href=\"https:\/\/youtu.be\/p2Eq3qHiLYo\" rel=\"nofollow\"><img decoding=\"async\" src=\"https:\/\/i.ytimg.com\/vi\/p2Eq3qHiLYo\/0.jpg\" alt=\"Jubileum CV de Sjnuffel&egrave;re 2012 5x11j\" width=\"640\" height=\"340\" \/><br \/>Bekijk deze video op YouTube<\/a><\/noscript><meta itemprop=\"description\" content=\"Jubileum CV de Sjnuffel\u00e8re 2012 5x11j Onthulling monument &quot;de Sjnuffel\u00e8r&quot; &amp; De Receptie op zondag 22-01-2012 Met diverse carnavalsverenigingen, serenade van de Koninklijke Harmonie van Gronsveld, Roop d&#039;n Ober, Zjus Druug en Big Benny\"><\/div><\/div><div class=\"lL\" style=\"max-width:100%;width:640px;margin:5px;\"><\/div><\/p>\n<p>&nbsp;<\/p>\n<p>Korte film van het vastelaovend konz\u00e8r gemaakt door Willy van Baal<\/p>\n<div class=\"lyte-wrapper\" title=\"Vastelaovend Konz&egrave;r 2012 55j. CV.de Sjnuffel&egrave;re\" style=\"width:640px;max-width:100%;margin:5px;\"><div class=\"lyMe hidef\" id=\"WYL_Vh0xMvEo7LY\" itemprop=\"video\" itemscope itemtype=\"https:\/\/schema.org\/VideoObject\"><div><meta itemprop=\"thumbnailUrl\" content=\"https:\/\/i.ytimg.com\/vi\/Vh0xMvEo7LY\/maxresdefault.jpg\" \/><meta itemprop=\"embedURL\" content=\"https:\/\/www.youtube.com\/embed\/Vh0xMvEo7LY\" \/><meta itemprop=\"duration\" content=\"PT27M52S\" \/><meta itemprop=\"uploadDate\" content=\"2012-01-29T00:01:42.000Z\" \/><\/div><div id=\"lyte_Vh0xMvEo7LY\" data-src=\"https:\/\/i.ytimg.com\/vi\/Vh0xMvEo7LY\/maxresdefault.jpg\" class=\"pL\"><div class=\"tC\"><div class=\"tT\" itemprop=\"name\">Vastelaovend Konz\u00e8r 2012 55j. CV.de Sjnuffel\u00e8re<\/div><\/div><div class=\"play\"><\/div><div class=\"ctrl\"><div class=\"Lctrl\"><\/div><div class=\"Rctrl\"><\/div><\/div><\/div><noscript><a href=\"https:\/\/youtu.be\/Vh0xMvEo7LY\" rel=\"nofollow\"><img decoding=\"async\" src=\"https:\/\/i.ytimg.com\/vi\/Vh0xMvEo7LY\/0.jpg\" alt=\"Vastelaovend Konz&egrave;r 2012 55j. CV.de Sjnuffel&egrave;re\" width=\"640\" height=\"340\" \/><br \/>Bekijk deze video op YouTube<\/a><\/noscript><meta itemprop=\"description\" content=\"Vastelaovend Konz\u00e8r koninklijke Harmonie van Gronsveld 2012 op 27-12-2012 tijdens de jubileumfeesten van CV. de Sjnuffel\u00e8re Rijckholt. Harmonieorkest o.l.v. Martijn Pepels, Drumband o.l.v. Rian Pasmans m.m.v. Ri\u00e9kelts Plat, Toezjoer Do\u00ebs, Peper &amp; Zaajt. Presentatie: Giel Bergenhuizen, Armand Huntjes &amp; Inge Aarts Opname &amp; montage; Willy van Baal\"><\/div><\/div><div class=\"lL\" style=\"max-width:100%;width:640px;margin:5px;\"><\/div><\/p>\n<p>&nbsp;<\/p>\n<p>Korte film van de feestavond en familiedag \u00a0gemaakt door Willy van Baal<\/p>\n<div class=\"lyte-wrapper\" title=\"Jubileum CV de Sjnuffel&egrave;re 2012 Feest &amp;amp; Familiedag D3\" style=\"width:640px;max-width:100%;margin:5px;\"><div class=\"lyMe hidef\" id=\"WYL_52TooFgru5g\" itemprop=\"video\" itemscope itemtype=\"https:\/\/schema.org\/VideoObject\"><div><meta itemprop=\"thumbnailUrl\" content=\"https:\/\/i.ytimg.com\/vi\/52TooFgru5g\/maxresdefault.jpg\" \/><meta itemprop=\"embedURL\" content=\"https:\/\/www.youtube.com\/embed\/52TooFgru5g\" \/><meta itemprop=\"duration\" content=\"PT19M39S\" \/><meta itemprop=\"uploadDate\" content=\"2012-01-31T23:51:59.000Z\" \/><\/div><div id=\"lyte_52TooFgru5g\" data-src=\"https:\/\/i.ytimg.com\/vi\/52TooFgru5g\/maxresdefault.jpg\" class=\"pL\"><div class=\"tC\"><div class=\"tT\" itemprop=\"name\">Jubileum CV de Sjnuffel\u00e8re 2012 Feest &amp; Familiedag D3<\/div><\/div><div class=\"play\"><\/div><div class=\"ctrl\"><div class=\"Lctrl\"><\/div><div class=\"Rctrl\"><\/div><\/div><\/div><noscript><a href=\"https:\/\/youtu.be\/52TooFgru5g\" rel=\"nofollow\"><img loading=\"lazy\" decoding=\"async\" src=\"https:\/\/i.ytimg.com\/vi\/52TooFgru5g\/0.jpg\" alt=\"Jubileum CV de Sjnuffel&egrave;re 2012 Feest &amp;amp; Familiedag D3\" width=\"640\" height=\"340\" \/><br \/>Bekijk deze video op YouTube<\/a><\/noscript><meta itemprop=\"description\" content=\"Jubileum CV de Sjnuffel\u00e8re 2012 Feest &amp; Familiedag Zaterdag 28 januari Feestavond met DJ Robin &amp; Orkest Universe. Zondag 29 januari Familiedag met H.Mis, Ontbijt, Fr\u00fchshoppen met Toutes Direction, Steef &amp; Co, Clown Pipo Pe, Dieter Koblenz, Frans Theunisz, Eddy Wally (cover) Zjus Druug &amp; Roop d&#039;n Ober. Opname &amp; Montage Willy van Baal\"><\/div><\/div><div class=\"lL\" style=\"max-width:100%;width:640px;margin:5px;\"><\/div><\/p>\n<p>&nbsp;<\/p>\n<p>Korte film van de Optoch Gro\u00e9selt &amp; Ri\u00e9kelt 2012 gemaakt door Willy van Baal<\/p>\n<div class=\"lyte-wrapper\" title=\"Optoch Gro&eacute;selt &amp;amp; Ri&eacute;kelt 2012\" style=\"width:640px;max-width:100%;margin:5px;\"><div class=\"lyMe hidef\" id=\"WYL_rAo0HH73jLM\" itemprop=\"video\" itemscope itemtype=\"https:\/\/schema.org\/VideoObject\"><div><meta itemprop=\"thumbnailUrl\" content=\"https:\/\/i.ytimg.com\/vi\/rAo0HH73jLM\/maxresdefault.jpg\" \/><meta itemprop=\"embedURL\" content=\"https:\/\/www.youtube.com\/embed\/rAo0HH73jLM\" \/><meta itemprop=\"duration\" content=\"PT33M2S\" \/><meta itemprop=\"uploadDate\" content=\"2012-02-21T14:35:31.000Z\" \/><\/div><div id=\"lyte_rAo0HH73jLM\" data-src=\"https:\/\/i.ytimg.com\/vi\/rAo0HH73jLM\/maxresdefault.jpg\" class=\"pL\"><div class=\"tC\"><div class=\"tT\" itemprop=\"name\">Optoch Gro\u00e9selt &amp; Ri\u00e9kelt 2012<\/div><\/div><div class=\"play\"><\/div><div class=\"ctrl\"><div class=\"Lctrl\"><\/div><div class=\"Rctrl\"><\/div><\/div><\/div><noscript><a href=\"https:\/\/youtu.be\/rAo0HH73jLM\" rel=\"nofollow\"><img loading=\"lazy\" decoding=\"async\" src=\"https:\/\/i.ytimg.com\/vi\/rAo0HH73jLM\/0.jpg\" alt=\"Optoch Gro&eacute;selt &amp;amp; Ri&eacute;kelt 2012\" width=\"640\" height=\"340\" \/><br \/>Bekijk deze video op YouTube<\/a><\/noscript><meta itemprop=\"description\" content=\"Optocht in Gronsveld op maandag 20-02-2012 opname &amp; montage: Willy v. Baal\"><\/div><\/div><div class=\"lL\" style=\"max-width:100%;width:640px;margin:5px;\"><\/div><\/p>\n","protected":false},"excerpt":{"rendered":"<p>Korte film van de zitting gemaakt door Willy van Baal &nbsp; Korte film van de receptie en onthulling &#8220;De Sjnuffel\u00e8r&#8221; gemaakt door Willy van Baal &nbsp; Korte film van het vastelaovend konz\u00e8r gemaakt door Willy van Baal &nbsp; Korte film van de feestavond en familiedag \u00a0gemaakt door Willy van Baal &nbsp; Korte film van de &hellip; <\/p>\n<p class=\"link-more\"><a href=\"https:\/\/www.desjnuffelere.nl\/?p=521\" class=\"more-link\">Lees meer<span class=\"screen-reader-text\"> &#8220;Films van 2012&#8221;<\/span><\/a><\/p>\n","protected":false},"author":1,"featured_media":0,"comment_status":"open","ping_status":"open","sticky":false,"template":"","format":"standard","meta":{"footnotes":""},"categories":[12],"tags":[],"class_list":["post-521","post","type-post","status-publish","format-standard","hentry","category-media-van-jubileumjaar"],"featured_media_urls":[],"_links":{"self":[{"href":"https:\/\/www.desjnuffelere.nl\/index.php?rest_route=\/wp\/v2\/posts\/521","targetHints":{"allow":["GET"]}}],"collection":[{"href":"https:\/\/www.desjnuffelere.nl\/index.php?rest_route=\/wp\/v2\/posts"}],"about":[{"href":"https:\/\/www.desjnuffelere.nl\/index.php?rest_route=\/wp\/v2\/types\/post"}],"author":[{"embeddable":true,"href":"https:\/\/www.desjnuffelere.nl\/index.php?rest_route=\/wp\/v2\/users\/1"}],"replies":[{"embeddable":true,"href":"https:\/\/www.desjnuffelere.nl\/index.php?rest_route=%2Fwp%2Fv2%2Fcomments&post=521"}],"version-history":[{"count":12,"href":"https:\/\/www.desjnuffelere.nl\/index.php?rest_route=\/wp\/v2\/posts\/521\/revisions"}],"predecessor-version":[{"id":535,"href":"https:\/\/www.desjnuffelere.nl\/index.php?rest_route=\/wp\/v2\/posts\/521\/revisions\/535"}],"wp:attachment":[{"href":"https:\/\/www.desjnuffelere.nl\/index.php?rest_route=%2Fwp%2Fv2%2Fmedia&parent=521"}],"wp:term":[{"taxonomy":"category","embeddable":true,"href":"https:\/\/www.desjnuffelere.nl\/index.php?rest_route=%2Fwp%2Fv2%2Fcategories&post=521"},{"taxonomy":"post_tag","embeddable":true,"href":"https:\/\/www.desjnuffelere.nl\/index.php?rest_route=%2Fwp%2Fv2%2Ftags&post=521"}],"curies":[{"name":"wp","href":"https:\/\/api.w.org\/{rel}","templated":true}]}}